{"id":10949,"date":"2011-07-30T09:45:01","date_gmt":"2011-07-30T07:45:01","guid":{"rendered":"http:\/\/davidbosman.fr\/blog\/2011\/07\/30\/lion-ical-tu-sens-la-simili-vache\/"},"modified":"2011-08-12T14:06:13","modified_gmt":"2011-08-12T12:06:13","slug":"lion-ical-tu-sens-la-simili-vache","status":"publish","type":"post","link":"https:\/\/www.davidbosman.fr\/blog\/2011\/07\/30\/lion-ical-tu-sens-la-simili-vache\/","title":{"rendered":"Lion : iCal, tu sens la (simili) vache"},"content":{"rendered":"<p>[ouarning: r\u00e2leur inside]<\/p>\n\n<p>iCal sous Lion est une blague. Et une blague particuli\u00e8rement moche, avec \u00e7a.<\/p>\n\n<p>Steve Jobs ne l&#8217;utilise pas, je ne vois aucune autre fa\u00e7on d&#8217;expliquer comment autant de cochonneries ont pu sortir de chez Apple : l&#8217; effet de &#8220;papier d\u00e9chir\u00e9&#8221; (c&#8217;est un calendrier <em>\u00e9lectronique<\/em>, si je veux du papier j&#8217;ai <a href=\"http:\/\/davidbosman.fr\/blog\/2011\/01\/26\/pourquoi-un-filofax\/\">mon Filofax<\/a>), les pseudo-pages qui tournent quand on change de mois (voir parenth\u00e8se pr\u00e9c\u00e9dente) et cet immonde effet similicuir qui recouvre la barre d&#8217;outils (<em>allo ?<\/em>), ou encore \u00e0 la regression dans la gestion de multiples calendriers: un <em>pop-up<\/em> ? Et faut aimer cliquer, avec \u00e7a.<\/p>\n\n<p><img decoding=\"async\" src=\"http:\/\/davidbosman.fr\/blog\/wp-content\/uploads\/2011\/07\/ical.png\" alt=\"Ical\" \/><\/p>\n\n<p>Le seul point positif, \u00e0 ce jour, pour moi, c&#8217;est la vue annuelle. <a href=\"http:\/\/davidbosman.fr\/blog\/2009\/09\/08\/20090908on-se-prepare-a-reprendre-le-boulot-on-cherche-un-calendrier-sur-le-mac-on-cherche-on-cherche\/\">J&#8217;en ai r\u00eav\u00e9 de celle-l\u00e0.<\/a> Je vais peut-\u00eatre enfin laisser tomber mon Filofax, sauf que non : tant qu&#8217;\u00e0 faire, je pr\u00e9f\u00e8re toucher le <em>vrai<\/em> cuir du Filofax \u2014 une barre d&#8217;outils en cuir, j&#8217;te jures&#8230;<\/p>\n","protected":false},"excerpt":{"rendered":"<p>[ouarning: r\u00e2leur inside] iCal sous Lion est une blague. Et une blague particuli\u00e8rement moche, avec \u00e7a. Steve Jobs ne l&#8217;utilise pas, je ne vois aucune autre fa\u00e7on d&#8217;expliquer comment autant de cochonneries ont pu sortir de chez Apple : l&#8217; &hellip; <a href=\"https:\/\/www.davidbosman.fr\/blog\/2011\/07\/30\/lion-ical-tu-sens-la-simili-vache\/\">Read more &rarr;<\/a><\/p>","protected":false},"author":2,"featured_media":0,"comment_status":"open","ping_status":"open","sticky":false,"template":"","format":"standard","meta":{"footnotes":""},"categories":[9],"tags":[39],"class_list":["post-10949","post","type-post","status-publish","format-standard","hentry","category-mac","tag-apple"],"_links":{"self":[{"href":"https:\/\/www.davidbosman.fr\/blog\/wp-json\/wp\/v2\/posts\/10949","targetHints":{"allow":["GET"]}}],"collection":[{"href":"https:\/\/www.davidbosman.fr\/blog\/wp-json\/wp\/v2\/posts"}],"about":[{"href":"https:\/\/www.davidbosman.fr\/blog\/wp-json\/wp\/v2\/types\/post"}],"author":[{"embeddable":true,"href":"https:\/\/www.davidbosman.fr\/blog\/wp-json\/wp\/v2\/users\/2"}],"replies":[{"embeddable":true,"href":"https:\/\/www.davidbosman.fr\/blog\/wp-json\/wp\/v2\/comments?post=10949"}],"version-history":[{"count":4,"href":"https:\/\/www.davidbosman.fr\/blog\/wp-json\/wp\/v2\/posts\/10949\/revisions"}],"predecessor-version":[{"id":11168,"href":"https:\/\/www.davidbosman.fr\/blog\/wp-json\/wp\/v2\/posts\/10949\/revisions\/11168"}],"wp:attachment":[{"href":"https:\/\/www.davidbosman.fr\/blog\/wp-json\/wp\/v2\/media?parent=10949"}],"wp:term":[{"taxonomy":"category","embeddable":true,"href":"https:\/\/www.davidbosman.fr\/blog\/wp-json\/wp\/v2\/categories?post=10949"},{"taxonomy":"post_tag","embeddable":true,"href":"https:\/\/www.davidbosman.fr\/blog\/wp-json\/wp\/v2\/tags?post=10949"}],"curies":[{"name":"wp","href":"https:\/\/api.w.org\/{rel}","templated":true}]}}