{"id":10637,"date":"2011-06-27T16:37:30","date_gmt":"2011-06-27T14:37:30","guid":{"rendered":"http:\/\/davidbosman.fr\/blog\/2011\/06\/27\/plic-plic-plic\/"},"modified":"2011-07-08T21:50:19","modified_gmt":"2011-07-08T19:50:19","slug":"plic-plic-plic","status":"publish","type":"post","link":"https:\/\/www.davidbosman.fr\/blog\/2011\/06\/27\/plic-plic-plic\/","title":{"rendered":"Plic plic plic"},"content":{"rendered":"<p>Plic plic plic, me dit le gla\u00e7on agonisant au fond de mon verre. Si tu passes pr\u00e8s du cong\u00e9lateur, dis \u00e0 ma femme et \u00e0 mes enfants que je les aime.<\/p>\n\n<div align=\"center\"><img decoding=\"async\" src=\"http:\/\/davidbosman.fr\/images\/zen.png\" alt=\"\" zen=\"\" style=\"border: 0px none ;\"><\/div>\n\n<p>Bon, comment dire ? Les billets pr\u00e9par\u00e9s pour publications ont tous fondu, et moi avec eux \u2014 il fait vraiment <s>tr\u00e8s<\/s><em>trop<\/em> chaud pour blogger.<\/p>\n\n<p>Je profite de l&#8217;occasion pour vous informer que le site tournera au ralenti en juillet comme en ao\u00fbt. Deux mois, rien que \u00e7a, mais pas deux mois de vacances \u2014 nous ne partons pas du tout.<\/p>\n\n<p><img decoding=\"async\" src=\"http:\/\/davidbosman.fr\/blog\/wp-content\/uploads\/2011\/06\/finder_001png.png\" alt=\"Finder 001.png\" \/><br \/>\n<em>Plus de 300 billets publi\u00e9s depuis le 1er janvier 2011, et pas loin de 1500 commentaires (mes r\u00e9ponses y compris). Nous avons tous bien boss\u00e9, je crois \ud83d\ude09<\/em><\/p>\n\n<p>Vacances ou pas, j&#8217;en suis persuad\u00e9, cela nous fera du bien, \u00e0 vous comme \u00e0 moi, de lever le pied pendant quelques semaines et de consacrer notre temps \u00e0 autre chose que le blog.<\/p>\n\n<p>C&#8217;est \u00e7a aussi passer des vacances \u2014 oublier de regarder sa montre et sortir des sentiers battus \u2014 que je vous souhaite les plus agr\u00e9ables, int\u00e9ressantes, stimulantes et reposantes \u00e0 la fois.<\/p>\n","protected":false},"excerpt":{"rendered":"<p>Plic plic plic, me dit le gla\u00e7on agonisant au fond de mon verre. Si tu passes pr\u00e8s du cong\u00e9lateur, dis \u00e0 ma femme et \u00e0 mes enfants que je les aime. Bon, comment dire ? Les billets pr\u00e9par\u00e9s pour publications &hellip; <a href=\"https:\/\/www.davidbosman.fr\/blog\/2011\/06\/27\/plic-plic-plic\/\">Read more &rarr;<\/a><\/p>","protected":false},"author":2,"featured_media":0,"comment_status":"open","ping_status":"open","sticky":false,"template":"","format":"standard","meta":{"footnotes":""},"categories":[1],"tags":[],"class_list":["post-10637","post","type-post","status-publish","format-standard","hentry","category-general"],"_links":{"self":[{"href":"https:\/\/www.davidbosman.fr\/blog\/wp-json\/wp\/v2\/posts\/10637","targetHints":{"allow":["GET"]}}],"collection":[{"href":"https:\/\/www.davidbosman.fr\/blog\/wp-json\/wp\/v2\/posts"}],"about":[{"href":"https:\/\/www.davidbosman.fr\/blog\/wp-json\/wp\/v2\/types\/post"}],"author":[{"embeddable":true,"href":"https:\/\/www.davidbosman.fr\/blog\/wp-json\/wp\/v2\/users\/2"}],"replies":[{"embeddable":true,"href":"https:\/\/www.davidbosman.fr\/blog\/wp-json\/wp\/v2\/comments?post=10637"}],"version-history":[{"count":2,"href":"https:\/\/www.davidbosman.fr\/blog\/wp-json\/wp\/v2\/posts\/10637\/revisions"}],"predecessor-version":[{"id":10738,"href":"https:\/\/www.davidbosman.fr\/blog\/wp-json\/wp\/v2\/posts\/10637\/revisions\/10738"}],"wp:attachment":[{"href":"https:\/\/www.davidbosman.fr\/blog\/wp-json\/wp\/v2\/media?parent=10637"}],"wp:term":[{"taxonomy":"category","embeddable":true,"href":"https:\/\/www.davidbosman.fr\/blog\/wp-json\/wp\/v2\/categories?post=10637"},{"taxonomy":"post_tag","embeddable":true,"href":"https:\/\/www.davidbosman.fr\/blog\/wp-json\/wp\/v2\/tags?post=10637"}],"curies":[{"name":"wp","href":"https:\/\/api.w.org\/{rel}","templated":true}]}}