{"id":10013,"date":"2011-04-03T17:58:20","date_gmt":"2011-04-03T15:58:20","guid":{"rendered":"http:\/\/davidbosman.fr\/blog\/2011\/04\/03\/ce-que-l%e2%80%99ordinateur-aurait-toujours-du-etre\/"},"modified":"2011-04-03T18:01:26","modified_gmt":"2011-04-03T16:01:26","slug":"ce-que-l%e2%80%99ordinateur-aurait-toujours-du-etre","status":"publish","type":"post","link":"https:\/\/www.davidbosman.fr\/blog\/2011\/04\/03\/ce-que-l%e2%80%99ordinateur-aurait-toujours-du-etre\/","title":{"rendered":"Ce que l\u2019ordinateur aurait toujours d\u00fb \u00eatre"},"content":{"rendered":"<blockquote>\n  <p>(&#8230;) il rend obsol\u00e8tes les geeks, les ing\u00e9nieurs informaticiens, qui voudraient mettre la sorci\u00e8re au b\u00fbcher (car oui, l\u2019iPad a un petit c\u00f4t\u00e9 magique).<br><br><a href=\"http:\/\/anthonynelzin.com\/blog\/2011\/04\/03\/ce-que-lordinateur-aurait-toujours-du-etre\/\">Anthony<\/a><\/p>\n<\/blockquote>\n\n<p>M\u00eame si je comprends le message d&#8217;Anthony, et que je suis assez d&#8217;accord sur cette id\u00e9e de la stupidit\u00e9 (ou de la mauvaise foi) des &#8220;pros&#8221; et des &#8220;geeks&#8221; qui refusent de voir dans l&#8217;iPad ce qu&#8217;il est : un outil qui rend l&#8217;informatique vraiment accessible \u2014 m\u00eame si cher, et m\u00eame s&#8217;il n&#8217;est pas &#8220;libre&#8221; \u2014 ou, peut-\u00eatre plus justement, qui fait passer l&#8217;informatique du stade d&#8217;un outil technique (r\u00e9serv\u00e9 \u00e0 ceux qui ont les connaissances pour l&#8217;utiliser) \u00e0 celui d&#8217;un objet de consommation courante, presque comme une TV ou un crayon. Je ne suis cependant pas d&#8217;accord avec cela.<\/p>\n\n<p>D&#8217;abord, parce que l&#8217;iPad n&#8217;a rien de magique. Laissons la magie aux enfants et aux cr\u00e9dules. Sauf si c&#8217;est pour en plaisanter.<\/p>\n\n<p>Ensuite, parce que l&#8217;iPad ne rend pas les ing\u00e9nieurs obsol\u00e8tes. La simplicit\u00e9 d&#8217;utilisation de l&#8217;iPad est tout en surface \u2014 tactile, ahahah \u2014 d\u00e8s que l&#8217;on plonge sous la surface des chose on entre dans un univers incroyablement complexe.<\/p>\n\n<p>Tout au contraire, donc, les ing\u00e9nieurs n&#8217;ont jamais \u00e9t\u00e9 aussi essentiels : la simplicit\u00e9 de l&#8217;iPad dissimule un condens\u00e9 d&#8217;intelligence technologique probablement jamais rencontr\u00e9 avant \u00e7a. En r\u00e9alit\u00e9, l&#8217;iPad, est un sommet d&#8217;ing\u00e9nierie. Il est brillant, et pas seulement \u00e0 cause des reflets de son \u00e9cran \ud83d\ude09<\/p>\n\n<p>Mais, comme je crois l&#8217;avoir dit dans un autre article (j&#8217;ai pas le courage de chercher), il s&#8217;agit d&#8217;une ing\u00e9nierie qui, par sa complexit\u00e9, par son niveau de sophistication, par les ressources qu&#8217;elle exige et, tout simplement, par son co\u00fbt, se met hors de port\u00e9e du bidouilleur de garage et autres geeks bricoleurs.<\/p>\n\n<p>C&#8217;est une ing\u00e9nierie industrielle \u2014 et m\u00eame r\u00e9serv\u00e9e \u00e0 la poign\u00e9e d&#8217;industrie(s ?) capable(s ?) de supporter un tel investissement et de cristalliser une autre vision de l&#8217;informatique : c-\u00e0-d Apple, et qui d&#8217;autre encore ?<\/p>\n\n<p>Apple, qui est n\u00e9e dans un garage, fruit du travail de deux bricoleurs qui sont aussi deux g\u00e9nies. Apple qui, si elle devait na\u00eetre aujourd&#8217;hui dans un garage, \u00e0 l&#8217;\u00e8re des tablettes tactiles aussi lisses qu&#8217;un miroir, cr\u00e8verait probablement dans ce garage \u2014 et les deux Steve avec elle.<\/p>\n\n<p>Ce que l&#8217;iPad annonce, c&#8217;est bien une &#8220;r\u00e9volution&#8221; de l&#8217;informatique, comme le dit Anthony, mais pas seulement dans la fa\u00e7on dont on la consomme ou dont on l&#8217;utilise (sans avoir \u00e0 y penser, ce qui est g\u00e9nial). \u00c9galement dans la fa\u00e7on dont on la fabrique et de d\u00e9cider qui peut (ou qui pourra) la fabriquer et de savoir qui peut (et qui pourra) innover. \u00c0 l&#8217;occasion, je reviendrai sur cette id\u00e9e qui me d\u00e9mange depuis quelque temps, elle me semble int\u00e9ressante.<\/p>\n\n<p>Sur le m\u00eame sujet :<\/p>\n\n<ul>\n<li><a href=\"http:\/\/davidbosman.fr\/blog\/2010\/06\/04\/lipad-au-dela-de-la-chasse-aux-sorcieres\/\">L\u2019iPad, au-del\u00e0 de la chasse aux sorci\u00e8res<\/a><\/li>\n<li><a href=\"http:\/\/davidbosman.fr\/blog\/2010\/03\/30\/lutlime-machine-a-ecrire\/\">L\u2019ultime machine \u00e0 \u00e9crire ?<\/a><\/li>\n<\/ul>\n","protected":false},"excerpt":{"rendered":"<p>(&#8230;) il rend obsol\u00e8tes les geeks, les ing\u00e9nieurs informaticiens, qui voudraient mettre la sorci\u00e8re au b\u00fbcher (car oui, l\u2019iPad a un petit c\u00f4t\u00e9 magique).Anthony M\u00eame si je comprends le message d&#8217;Anthony, et que je suis assez d&#8217;accord sur cette id\u00e9e &hellip; <a href=\"https:\/\/www.davidbosman.fr\/blog\/2011\/04\/03\/ce-que-l%e2%80%99ordinateur-aurait-toujours-du-etre\/\">Read more &rarr;<\/a><\/p>","protected":false},"author":2,"featured_media":0,"comment_status":"open","ping_status":"open","sticky":false,"template":"","format":"standard","meta":{"footnotes":""},"categories":[9],"tags":[],"class_list":["post-10013","post","type-post","status-publish","format-standard","hentry","category-mac"],"_links":{"self":[{"href":"https:\/\/www.davidbosman.fr\/blog\/wp-json\/wp\/v2\/posts\/10013","targetHints":{"allow":["GET"]}}],"collection":[{"href":"https:\/\/www.davidbosman.fr\/blog\/wp-json\/wp\/v2\/posts"}],"about":[{"href":"https:\/\/www.davidbosman.fr\/blog\/wp-json\/wp\/v2\/types\/post"}],"author":[{"embeddable":true,"href":"https:\/\/www.davidbosman.fr\/blog\/wp-json\/wp\/v2\/users\/2"}],"replies":[{"embeddable":true,"href":"https:\/\/www.davidbosman.fr\/blog\/wp-json\/wp\/v2\/comments?post=10013"}],"version-history":[{"count":2,"href":"https:\/\/www.davidbosman.fr\/blog\/wp-json\/wp\/v2\/posts\/10013\/revisions"}],"predecessor-version":[{"id":10015,"href":"https:\/\/www.davidbosman.fr\/blog\/wp-json\/wp\/v2\/posts\/10013\/revisions\/10015"}],"wp:attachment":[{"href":"https:\/\/www.davidbosman.fr\/blog\/wp-json\/wp\/v2\/media?parent=10013"}],"wp:term":[{"taxonomy":"category","embeddable":true,"href":"https:\/\/www.davidbosman.fr\/blog\/wp-json\/wp\/v2\/categories?post=10013"},{"taxonomy":"post_tag","embeddable":true,"href":"https:\/\/www.davidbosman.fr\/blog\/wp-json\/wp\/v2\/tags?post=10013"}],"curies":[{"name":"wp","href":"https:\/\/api.w.org\/{rel}","templated":true}]}}